{"id":5411,"date":"2023-10-12T08:45:47","date_gmt":"2023-10-12T06:45:47","guid":{"rendered":"https:\/\/amoeba-nature.com\/?p=5411"},"modified":"2023-10-12T09:03:59","modified_gmt":"2023-10-12T07:03:59","slug":"amoeba-announces-the-beginning-of-construction-of-its-usibiam-biocontrol-plant-in-cavaillon","status":"publish","type":"post","link":"https:\/\/amoeba-nature.com\/en\/amoeba-announces-the-beginning-of-construction-of-its-usibiam-biocontrol-plant-in-cavaillon\/","title":{"rendered":"AMOEBA announces the beginning of construction of its USIBIAM biocontrol plant in Cavaillon"},"content":{"rendered":"<div class=\"container\"><div class=\"row\"><div class=\"medium-large-full\">\n<h2 class=\"wp-block-heading\"><strong>AMOEBA announces the beginning of construction of its USIBIAM biocontrol plant in Cavaillon<\/strong><\/h2>\n<\/div><\/div><\/div>\n\n<div class=\"container\"><div class=\"row\"><div class=\"medium-large-full\">\n<p><strong>Chassieu (France), October 12, 2023 &#8211; 08h45 &#8211; AMO\u00c9BA (FR0011051598 \u2013 ALMIB)&nbsp;<\/strong>a pre- commercialization* industrial biotech specializing in the treatment of microbiological risk, developing a biocontrol agent for the treatment of plants in agriculture and a biological biocide, and having obtained a marketing authorization in the USA for its biological biocide for use in closed cooling systems and a marketing authorization in the USA for its first biocontrol product (100% active substance), announces the start of work on the USIBIAM industrial project in Cavaillon on schedule.<\/p>\n<\/div><\/div><\/div>\n\n<div class=\"container\"><div class=\"row\"><div class=\"medium-large-full\">\n<p>A few weeks after the signing of the deed of sale on September 26 (cf. press release dated 22\/09\/2023), construction work on the USIBIAM (Usine Biocontr\u00f4le Amo\u00e9ba) industrial project, supervised by GSE engineers, began in October and is scheduled to last until the end of 2024. The construction site has already mobilized a number of local companies: TPK (sanitation), Proven\u00e7ale de TP (earthworks and preparatory work), EBI Construction (masonry), Alpes Contr\u00f4les and Face.<\/p>\n<\/div><\/div><\/div>\n\n<div class=\"container\"><div class=\"row\"><div class=\"medium-large-full\">\n<p>Located in the heart of the Zone d&#8217;Activit\u00e9 des Hauts Banquets (Cavaillon, 84), this modern, eco- responsible industrial site will produce Amo\u00e9ba&#8217;s biocontrol agent, with a view to its commercial launch in 2025. Through its ambitious industrial project, Amo\u00e9ba aims to reach an annual production capacity of 40 tonnes of active substance, guaranteeing the treatment of 100,000 hectares of agricultural soils.<\/p>\n<\/div><\/div><\/div>\n\n\n<figure class=\"wp-block-image size-large\"><img loading=\"lazy\" decoding=\"async\" width=\"1024\" height=\"213\" src=\"https:\/\/amoeba-nature.com\/wp-content\/uploads\/2023\/10\/Capture-decran-2023-10-12-a-08.34.32-1024x213.png\" alt=\"\" class=\"wp-image-5404\" srcset=\"https:\/\/amoeba-nature.com\/wp-content\/uploads\/2023\/10\/Capture-decran-2023-10-12-a-08.34.32-1024x213.png 1024w, https:\/\/amoeba-nature.com\/wp-content\/uploads\/2023\/10\/Capture-decran-2023-10-12-a-08.34.32-300x62.png 300w, https:\/\/amoeba-nature.com\/wp-content\/uploads\/2023\/10\/Capture-decran-2023-10-12-a-08.34.32-768x159.png 768w, https:\/\/amoeba-nature.com\/wp-content\/uploads\/2023\/10\/Capture-decran-2023-10-12-a-08.34.32-1536x319.png 1536w, https:\/\/amoeba-nature.com\/wp-content\/uploads\/2023\/10\/Capture-decran-2023-10-12-a-08.34.32-400x83.png 400w, https:\/\/amoeba-nature.com\/wp-content\/uploads\/2023\/10\/Capture-decran-2023-10-12-a-08.34.32.png 1638w\" sizes=\"auto, (max-width: 1024px) 100vw, 1024px\" \/><\/figure>\n\n\n<div class=\"container\"><div class=\"row\"><div class=\"medium-large-full\">\n<p><strong>A ceremony attended by local elected officials<\/strong><\/p>\n<\/div><\/div><\/div>\n\n<div class=\"container\"><div class=\"row\"><div class=\"medium-large-full\">\n<p>To commemorate the start of this major project, on Tuesday October 10, 2023, Fabrice Plasson, CEO of Amo\u00e9ba, joined by Roland Paul, President of GSE, G\u00e9rard Daudet, Mayor of Cavaillon and President of LMV Agglom\u00e9ration, Cathy Fermanian, Managing Director of Vaucluse Provence Attractivit\u00e9, B\u00e9n\u00e9dicte Martin, Vice-President of the SUD PACA Region and Christian Guyard, General Secretary of the Vaucluse Prefecture, have laid the foundation stone for Amo\u00e9ba&#8217;s biocontrol plant.<\/p>\n<\/div><\/div><\/div>\n\n<div class=\"container\"><div class=\"row\"><div class=\"medium-large-full\">\n<p>The event, attended by local politicians, representatives of local authorities, the regional press and the project&#8217;s technical partners, was an opportunity for Amo\u00e9ba to present its ambitions and commitments on a large scale in its new location.<\/p>\n<\/div><\/div><\/div>\n\n<div class=\"container\"><div class=\"row\"><div class=\"medium-large-full\">\n<p><em>&#8220;Seven years after the inauguration of the Chassieu industrial R&amp;D center, the laying of the foundation stone for the USIBIAM industrial site marks the start of a great adventure for Amo\u00e9ba: the reindustrialization of France through innovation. At the heart of France&#8217;s first low-carbon urban development zone, USIBIAM will be a leading example of naturalness at the service of the agricultural and food transition. We are delighted to be setting up in Vaucluse, in the heart of the Southern Region, and to celebrate this major milestone alongside our elected representatives and partners, who are collectively contributing to the success of Amo\u00e9ba&#8217;s project&#8221;,&nbsp;<\/em>says Fabrice Plasson, Chairman and CEO of Amo\u00e9ba.<\/p>\n<\/div><\/div><\/div>\n\n\n<figure class=\"wp-block-image size-large\"><img loading=\"lazy\" decoding=\"async\" width=\"1024\" height=\"694\" src=\"https:\/\/amoeba-nature.com\/wp-content\/uploads\/2023\/10\/Capture-decran-2023-10-12-a-08.35.05-1024x694.png\" alt=\"\" class=\"wp-image-5406\" srcset=\"https:\/\/amoeba-nature.com\/wp-content\/uploads\/2023\/10\/Capture-decran-2023-10-12-a-08.35.05-1024x694.png 1024w, https:\/\/amoeba-nature.com\/wp-content\/uploads\/2023\/10\/Capture-decran-2023-10-12-a-08.35.05-300x203.png 300w, https:\/\/amoeba-nature.com\/wp-content\/uploads\/2023\/10\/Capture-decran-2023-10-12-a-08.35.05-768x520.png 768w, https:\/\/amoeba-nature.com\/wp-content\/uploads\/2023\/10\/Capture-decran-2023-10-12-a-08.35.05-369x250.png 369w, https:\/\/amoeba-nature.com\/wp-content\/uploads\/2023\/10\/Capture-decran-2023-10-12-a-08.35.05.png 1526w\" sizes=\"auto, (max-width: 1024px) 100vw, 1024px\" \/><\/figure>\n\n\n<div class=\"container\"><div class=\"row\"><div class=\"medium-large-full\">\n<p>More information about USIBIAM project on Amo\u00e9ba\u2019s website \u00ab&nbsp;Industrial Project\u201d. <em>This project is supported by France 2030.<\/em><\/p>\n<\/div><\/div><\/div>\n\n<div class=\"container\"><div class=\"row\"><div class=\"medium-large-full\">\n<p>Read the press release in PDF : https:\/\/amoeba-nature.com\/wp-content\/uploads\/2023\/10\/121023_ENG-CP-USIBIAM-VDEF.pdf  <\/p>\n<\/div><\/div><\/div>","protected":false},"excerpt":{"rendered":"<p>AMOEBA announces the beginning of construction of its USIBIAM biocontrol plant in Cavaillon Chassieu (France), October 12, 2023 [&hellip;]<\/p>\n","protected":false},"author":3,"featured_media":5408,"comment_status":"closed","ping_status":"closed","sticky":false,"template":"","format":"standard","meta":{"_acf_changed":false,"footnotes":""},"categories":[12],"tags":[],"class_list":["post-5411","post","type-post","status-publish","format-standard","has-post-thumbnail","hentry","category-uncategorized"],"acf":[],"yoast_head":"<!-- This site is optimized with the Yoast SEO plugin v27.3 - https:\/\/yoast.com\/product\/yoast-seo-wordpress\/ -->\n<title>AMOEBA announces the beginning of construction of its USIBIAM biocontrol plant in Cavaillon - Amoeba<\/title>\n<meta name=\"robots\" content=\"index, follow, max-snippet:-1, max-image-preview:large, max-video-preview:-1\" \/>\n<link rel=\"canonical\" href=\"https:\/\/amoeba-nature.com\/en\/amoeba-announces-the-beginning-of-construction-of-its-usibiam-biocontrol-plant-in-cavaillon\/\" \/>\n<meta property=\"og:locale\" content=\"en_US\" \/>\n<meta property=\"og:type\" content=\"article\" \/>\n<meta property=\"og:title\" content=\"AMOEBA announces the beginning of construction of its USIBIAM biocontrol plant in Cavaillon - Amoeba\" \/>\n<meta property=\"og:description\" content=\"AMOEBA announces the beginning of construction of its USIBIAM biocontrol plant in Cavaillon Chassieu (France), October 12, 2023 [&hellip;]\" \/>\n<meta property=\"og:url\" content=\"https:\/\/amoeba-nature.com\/en\/amoeba-announces-the-beginning-of-construction-of-its-usibiam-biocontrol-plant-in-cavaillon\/\" \/>\n<meta property=\"og:site_name\" content=\"Amoeba\" \/>\n<meta property=\"article:published_time\" content=\"2023-10-12T06:45:47+00:00\" \/>\n<meta property=\"article:modified_time\" content=\"2023-10-12T07:03:59+00:00\" \/>\n<meta property=\"og:image\" content=\"https:\/\/amoeba-nature.com\/wp-content\/uploads\/2023\/10\/1.jpg\" \/>\n\t<meta property=\"og:image:width\" content=\"2048\" \/>\n\t<meta property=\"og:image:height\" content=\"1362\" \/>\n\t<meta property=\"og:image:type\" content=\"image\/jpeg\" \/>\n<meta name=\"author\" content=\"alellu\" \/>\n<meta name=\"twitter:card\" content=\"summary_large_image\" \/>\n<meta name=\"twitter:label1\" content=\"Written by\" \/>\n\t<meta name=\"twitter:data1\" content=\"alellu\" \/>\n\t<meta name=\"twitter:label2\" content=\"Est. reading time\" \/>\n\t<meta name=\"twitter:data2\" content=\"3 minutes\" \/>\n<script type=\"application\/ld+json\" class=\"yoast-schema-graph\">{\"@context\":\"https:\\\/\\\/schema.org\",\"@graph\":[{\"@type\":\"Article\",\"@id\":\"https:\\\/\\\/amoeba-nature.com\\\/en\\\/amoeba-announces-the-beginning-of-construction-of-its-usibiam-biocontrol-plant-in-cavaillon\\\/#article\",\"isPartOf\":{\"@id\":\"https:\\\/\\\/amoeba-nature.com\\\/en\\\/amoeba-announces-the-beginning-of-construction-of-its-usibiam-biocontrol-plant-in-cavaillon\\\/\"},\"author\":{\"name\":\"alellu\",\"@id\":\"https:\\\/\\\/amoeba-nature.com\\\/en\\\/#\\\/schema\\\/person\\\/90104d64ffd447439431f5a129e43993\"},\"headline\":\"AMOEBA announces the beginning of construction of its USIBIAM biocontrol plant in Cavaillon\",\"datePublished\":\"2023-10-12T06:45:47+00:00\",\"dateModified\":\"2023-10-12T07:03:59+00:00\",\"mainEntityOfPage\":{\"@id\":\"https:\\\/\\\/amoeba-nature.com\\\/en\\\/amoeba-announces-the-beginning-of-construction-of-its-usibiam-biocontrol-plant-in-cavaillon\\\/\"},\"wordCount\":510,\"publisher\":{\"@id\":\"https:\\\/\\\/amoeba-nature.com\\\/en\\\/#organization\"},\"image\":{\"@id\":\"https:\\\/\\\/amoeba-nature.com\\\/en\\\/amoeba-announces-the-beginning-of-construction-of-its-usibiam-biocontrol-plant-in-cavaillon\\\/#primaryimage\"},\"thumbnailUrl\":\"https:\\\/\\\/amoeba-nature.com\\\/wp-content\\\/uploads\\\/2023\\\/10\\\/1.jpg\",\"inLanguage\":\"en-US\"},{\"@type\":\"WebPage\",\"@id\":\"https:\\\/\\\/amoeba-nature.com\\\/en\\\/amoeba-announces-the-beginning-of-construction-of-its-usibiam-biocontrol-plant-in-cavaillon\\\/\",\"url\":\"https:\\\/\\\/amoeba-nature.com\\\/en\\\/amoeba-announces-the-beginning-of-construction-of-its-usibiam-biocontrol-plant-in-cavaillon\\\/\",\"name\":\"AMOEBA announces the beginning of construction of its USIBIAM biocontrol plant in Cavaillon - Amoeba\",\"isPartOf\":{\"@id\":\"https:\\\/\\\/amoeba-nature.com\\\/en\\\/#website\"},\"primaryImageOfPage\":{\"@id\":\"https:\\\/\\\/amoeba-nature.com\\\/en\\\/amoeba-announces-the-beginning-of-construction-of-its-usibiam-biocontrol-plant-in-cavaillon\\\/#primaryimage\"},\"image\":{\"@id\":\"https:\\\/\\\/amoeba-nature.com\\\/en\\\/amoeba-announces-the-beginning-of-construction-of-its-usibiam-biocontrol-plant-in-cavaillon\\\/#primaryimage\"},\"thumbnailUrl\":\"https:\\\/\\\/amoeba-nature.com\\\/wp-content\\\/uploads\\\/2023\\\/10\\\/1.jpg\",\"datePublished\":\"2023-10-12T06:45:47+00:00\",\"dateModified\":\"2023-10-12T07:03:59+00:00\",\"breadcrumb\":{\"@id\":\"https:\\\/\\\/amoeba-nature.com\\\/en\\\/amoeba-announces-the-beginning-of-construction-of-its-usibiam-biocontrol-plant-in-cavaillon\\\/#breadcrumb\"},\"inLanguage\":\"en-US\",\"potentialAction\":[{\"@type\":\"ReadAction\",\"target\":[\"https:\\\/\\\/amoeba-nature.com\\\/en\\\/amoeba-announces-the-beginning-of-construction-of-its-usibiam-biocontrol-plant-in-cavaillon\\\/\"]}]},{\"@type\":\"ImageObject\",\"inLanguage\":\"en-US\",\"@id\":\"https:\\\/\\\/amoeba-nature.com\\\/en\\\/amoeba-announces-the-beginning-of-construction-of-its-usibiam-biocontrol-plant-in-cavaillon\\\/#primaryimage\",\"url\":\"https:\\\/\\\/amoeba-nature.com\\\/wp-content\\\/uploads\\\/2023\\\/10\\\/1.jpg\",\"contentUrl\":\"https:\\\/\\\/amoeba-nature.com\\\/wp-content\\\/uploads\\\/2023\\\/10\\\/1.jpg\",\"width\":2048,\"height\":1362},{\"@type\":\"BreadcrumbList\",\"@id\":\"https:\\\/\\\/amoeba-nature.com\\\/en\\\/amoeba-announces-the-beginning-of-construction-of-its-usibiam-biocontrol-plant-in-cavaillon\\\/#breadcrumb\",\"itemListElement\":[{\"@type\":\"ListItem\",\"position\":1,\"name\":\"Accueil\",\"item\":\"https:\\\/\\\/amoeba-nature.com\\\/en\\\/\"},{\"@type\":\"ListItem\",\"position\":2,\"name\":\"AMOEBA announces the beginning of construction of its USIBIAM biocontrol plant in Cavaillon\"}]},{\"@type\":\"WebSite\",\"@id\":\"https:\\\/\\\/amoeba-nature.com\\\/en\\\/#website\",\"url\":\"https:\\\/\\\/amoeba-nature.com\\\/en\\\/\",\"name\":\"Amoeba\",\"description\":\"Fight Pathogens, Respect Nature\",\"publisher\":{\"@id\":\"https:\\\/\\\/amoeba-nature.com\\\/en\\\/#organization\"},\"potentialAction\":[{\"@type\":\"SearchAction\",\"target\":{\"@type\":\"EntryPoint\",\"urlTemplate\":\"https:\\\/\\\/amoeba-nature.com\\\/en\\\/?s={search_term_string}\"},\"query-input\":{\"@type\":\"PropertyValueSpecification\",\"valueRequired\":true,\"valueName\":\"search_term_string\"}}],\"inLanguage\":\"en-US\"},{\"@type\":\"Organization\",\"@id\":\"https:\\\/\\\/amoeba-nature.com\\\/en\\\/#organization\",\"name\":\"Amoeba\",\"url\":\"https:\\\/\\\/amoeba-nature.com\\\/en\\\/\",\"logo\":{\"@type\":\"ImageObject\",\"inLanguage\":\"en-US\",\"@id\":\"https:\\\/\\\/amoeba-nature.com\\\/en\\\/#\\\/schema\\\/logo\\\/image\\\/\",\"url\":\"https:\\\/\\\/amoeba-nature.com\\\/wp-content\\\/uploads\\\/2021\\\/03\\\/logo-amoeba-blanc.svg\",\"contentUrl\":\"https:\\\/\\\/amoeba-nature.com\\\/wp-content\\\/uploads\\\/2021\\\/03\\\/logo-amoeba-blanc.svg\",\"width\":482,\"height\":296,\"caption\":\"Amoeba\"},\"image\":{\"@id\":\"https:\\\/\\\/amoeba-nature.com\\\/en\\\/#\\\/schema\\\/logo\\\/image\\\/\"},\"sameAs\":[\"https:\\\/\\\/www.linkedin.com\\\/company\\\/amoeba-nature\"]},{\"@type\":\"Person\",\"@id\":\"https:\\\/\\\/amoeba-nature.com\\\/en\\\/#\\\/schema\\\/person\\\/90104d64ffd447439431f5a129e43993\",\"name\":\"alellu\",\"image\":{\"@type\":\"ImageObject\",\"inLanguage\":\"en-US\",\"@id\":\"https:\\\/\\\/secure.gravatar.com\\\/avatar\\\/6c833bc55dad7c9f374b1bd195af51055c9b2325f7814ec13a2eb2f9adb4fe80?s=96&d=mm&r=g\",\"url\":\"https:\\\/\\\/secure.gravatar.com\\\/avatar\\\/6c833bc55dad7c9f374b1bd195af51055c9b2325f7814ec13a2eb2f9adb4fe80?s=96&d=mm&r=g\",\"contentUrl\":\"https:\\\/\\\/secure.gravatar.com\\\/avatar\\\/6c833bc55dad7c9f374b1bd195af51055c9b2325f7814ec13a2eb2f9adb4fe80?s=96&d=mm&r=g\",\"caption\":\"alellu\"},\"url\":\"https:\\\/\\\/amoeba-nature.com\\\/en\\\/author\\\/marmanet\\\/\"}]}<\/script>\n<!-- \/ Yoast SEO plugin. -->","yoast_head_json":{"title":"AMOEBA announces the beginning of construction of its USIBIAM biocontrol plant in Cavaillon - Amoeba","robots":{"index":"index","follow":"follow","max-snippet":"max-snippet:-1","max-image-preview":"max-image-preview:large","max-video-preview":"max-video-preview:-1"},"canonical":"https:\/\/amoeba-nature.com\/en\/amoeba-announces-the-beginning-of-construction-of-its-usibiam-biocontrol-plant-in-cavaillon\/","og_locale":"en_US","og_type":"article","og_title":"AMOEBA announces the beginning of construction of its USIBIAM biocontrol plant in Cavaillon - Amoeba","og_description":"AMOEBA announces the beginning of construction of its USIBIAM biocontrol plant in Cavaillon Chassieu (France), October 12, 2023 [&hellip;]","og_url":"https:\/\/amoeba-nature.com\/en\/amoeba-announces-the-beginning-of-construction-of-its-usibiam-biocontrol-plant-in-cavaillon\/","og_site_name":"Amoeba","article_published_time":"2023-10-12T06:45:47+00:00","article_modified_time":"2023-10-12T07:03:59+00:00","og_image":[{"width":2048,"height":1362,"url":"https:\/\/amoeba-nature.com\/wp-content\/uploads\/2023\/10\/1.jpg","type":"image\/jpeg"}],"author":"alellu","twitter_card":"summary_large_image","twitter_misc":{"Written by":"alellu","Est. reading time":"3 minutes"},"schema":{"@context":"https:\/\/schema.org","@graph":[{"@type":"Article","@id":"https:\/\/amoeba-nature.com\/en\/amoeba-announces-the-beginning-of-construction-of-its-usibiam-biocontrol-plant-in-cavaillon\/#article","isPartOf":{"@id":"https:\/\/amoeba-nature.com\/en\/amoeba-announces-the-beginning-of-construction-of-its-usibiam-biocontrol-plant-in-cavaillon\/"},"author":{"name":"alellu","@id":"https:\/\/amoeba-nature.com\/en\/#\/schema\/person\/90104d64ffd447439431f5a129e43993"},"headline":"AMOEBA announces the beginning of construction of its USIBIAM biocontrol plant in Cavaillon","datePublished":"2023-10-12T06:45:47+00:00","dateModified":"2023-10-12T07:03:59+00:00","mainEntityOfPage":{"@id":"https:\/\/amoeba-nature.com\/en\/amoeba-announces-the-beginning-of-construction-of-its-usibiam-biocontrol-plant-in-cavaillon\/"},"wordCount":510,"publisher":{"@id":"https:\/\/amoeba-nature.com\/en\/#organization"},"image":{"@id":"https:\/\/amoeba-nature.com\/en\/amoeba-announces-the-beginning-of-construction-of-its-usibiam-biocontrol-plant-in-cavaillon\/#primaryimage"},"thumbnailUrl":"https:\/\/amoeba-nature.com\/wp-content\/uploads\/2023\/10\/1.jpg","inLanguage":"en-US"},{"@type":"WebPage","@id":"https:\/\/amoeba-nature.com\/en\/amoeba-announces-the-beginning-of-construction-of-its-usibiam-biocontrol-plant-in-cavaillon\/","url":"https:\/\/amoeba-nature.com\/en\/amoeba-announces-the-beginning-of-construction-of-its-usibiam-biocontrol-plant-in-cavaillon\/","name":"AMOEBA announces the beginning of construction of its USIBIAM biocontrol plant in Cavaillon - Amoeba","isPartOf":{"@id":"https:\/\/amoeba-nature.com\/en\/#website"},"primaryImageOfPage":{"@id":"https:\/\/amoeba-nature.com\/en\/amoeba-announces-the-beginning-of-construction-of-its-usibiam-biocontrol-plant-in-cavaillon\/#primaryimage"},"image":{"@id":"https:\/\/amoeba-nature.com\/en\/amoeba-announces-the-beginning-of-construction-of-its-usibiam-biocontrol-plant-in-cavaillon\/#primaryimage"},"thumbnailUrl":"https:\/\/amoeba-nature.com\/wp-content\/uploads\/2023\/10\/1.jpg","datePublished":"2023-10-12T06:45:47+00:00","dateModified":"2023-10-12T07:03:59+00:00","breadcrumb":{"@id":"https:\/\/amoeba-nature.com\/en\/amoeba-announces-the-beginning-of-construction-of-its-usibiam-biocontrol-plant-in-cavaillon\/#breadcrumb"},"inLanguage":"en-US","potentialAction":[{"@type":"ReadAction","target":["https:\/\/amoeba-nature.com\/en\/amoeba-announces-the-beginning-of-construction-of-its-usibiam-biocontrol-plant-in-cavaillon\/"]}]},{"@type":"ImageObject","inLanguage":"en-US","@id":"https:\/\/amoeba-nature.com\/en\/amoeba-announces-the-beginning-of-construction-of-its-usibiam-biocontrol-plant-in-cavaillon\/#primaryimage","url":"https:\/\/amoeba-nature.com\/wp-content\/uploads\/2023\/10\/1.jpg","contentUrl":"https:\/\/amoeba-nature.com\/wp-content\/uploads\/2023\/10\/1.jpg","width":2048,"height":1362},{"@type":"BreadcrumbList","@id":"https:\/\/amoeba-nature.com\/en\/amoeba-announces-the-beginning-of-construction-of-its-usibiam-biocontrol-plant-in-cavaillon\/#breadcrumb","itemListElement":[{"@type":"ListItem","position":1,"name":"Accueil","item":"https:\/\/amoeba-nature.com\/en\/"},{"@type":"ListItem","position":2,"name":"AMOEBA announces the beginning of construction of its USIBIAM biocontrol plant in Cavaillon"}]},{"@type":"WebSite","@id":"https:\/\/amoeba-nature.com\/en\/#website","url":"https:\/\/amoeba-nature.com\/en\/","name":"Amoeba","description":"Fight Pathogens, Respect Nature","publisher":{"@id":"https:\/\/amoeba-nature.com\/en\/#organization"},"potentialAction":[{"@type":"SearchAction","target":{"@type":"EntryPoint","urlTemplate":"https:\/\/amoeba-nature.com\/en\/?s={search_term_string}"},"query-input":{"@type":"PropertyValueSpecification","valueRequired":true,"valueName":"search_term_string"}}],"inLanguage":"en-US"},{"@type":"Organization","@id":"https:\/\/amoeba-nature.com\/en\/#organization","name":"Amoeba","url":"https:\/\/amoeba-nature.com\/en\/","logo":{"@type":"ImageObject","inLanguage":"en-US","@id":"https:\/\/amoeba-nature.com\/en\/#\/schema\/logo\/image\/","url":"https:\/\/amoeba-nature.com\/wp-content\/uploads\/2021\/03\/logo-amoeba-blanc.svg","contentUrl":"https:\/\/amoeba-nature.com\/wp-content\/uploads\/2021\/03\/logo-amoeba-blanc.svg","width":482,"height":296,"caption":"Amoeba"},"image":{"@id":"https:\/\/amoeba-nature.com\/en\/#\/schema\/logo\/image\/"},"sameAs":["https:\/\/www.linkedin.com\/company\/amoeba-nature"]},{"@type":"Person","@id":"https:\/\/amoeba-nature.com\/en\/#\/schema\/person\/90104d64ffd447439431f5a129e43993","name":"alellu","image":{"@type":"ImageObject","inLanguage":"en-US","@id":"https:\/\/secure.gravatar.com\/avatar\/6c833bc55dad7c9f374b1bd195af51055c9b2325f7814ec13a2eb2f9adb4fe80?s=96&d=mm&r=g","url":"https:\/\/secure.gravatar.com\/avatar\/6c833bc55dad7c9f374b1bd195af51055c9b2325f7814ec13a2eb2f9adb4fe80?s=96&d=mm&r=g","contentUrl":"https:\/\/secure.gravatar.com\/avatar\/6c833bc55dad7c9f374b1bd195af51055c9b2325f7814ec13a2eb2f9adb4fe80?s=96&d=mm&r=g","caption":"alellu"},"url":"https:\/\/amoeba-nature.com\/en\/author\/marmanet\/"}]}},"_links":{"self":[{"href":"https:\/\/amoeba-nature.com\/en\/wp-json\/wp\/v2\/posts\/5411","targetHints":{"allow":["GET"]}}],"collection":[{"href":"https:\/\/amoeba-nature.com\/en\/wp-json\/wp\/v2\/posts"}],"about":[{"href":"https:\/\/amoeba-nature.com\/en\/wp-json\/wp\/v2\/types\/post"}],"author":[{"embeddable":true,"href":"https:\/\/amoeba-nature.com\/en\/wp-json\/wp\/v2\/users\/3"}],"replies":[{"embeddable":true,"href":"https:\/\/amoeba-nature.com\/en\/wp-json\/wp\/v2\/comments?post=5411"}],"version-history":[{"count":3,"href":"https:\/\/amoeba-nature.com\/en\/wp-json\/wp\/v2\/posts\/5411\/revisions"}],"predecessor-version":[{"id":5421,"href":"https:\/\/amoeba-nature.com\/en\/wp-json\/wp\/v2\/posts\/5411\/revisions\/5421"}],"wp:featuredmedia":[{"embeddable":true,"href":"https:\/\/amoeba-nature.com\/en\/wp-json\/wp\/v2\/media\/5408"}],"wp:attachment":[{"href":"https:\/\/amoeba-nature.com\/en\/wp-json\/wp\/v2\/media?parent=5411"}],"wp:term":[{"taxonomy":"category","embeddable":true,"href":"https:\/\/amoeba-nature.com\/en\/wp-json\/wp\/v2\/categories?post=5411"},{"taxonomy":"post_tag","embeddable":true,"href":"https:\/\/amoeba-nature.com\/en\/wp-json\/wp\/v2\/tags?post=5411"}],"curies":[{"name":"wp","href":"https:\/\/api.w.org\/{rel}","templated":true}]}}